{"id":1124,"date":"2026-04-15T14:55:31","date_gmt":"2026-04-15T12:55:31","guid":{"rendered":"https:\/\/tanie-recepty.pl\/blog\/?p=1124"},"modified":"2026-04-15T14:55:33","modified_gmt":"2026-04-15T12:55:33","slug":"alergia-czy-przeziebienie-jak-odroznic-objawy-rozpoznac-alergie-i-kiedy-siegnac-po-leczenie","status":"publish","type":"post","link":"https:\/\/tanie-recepty.pl\/blog\/alergia-czy-przeziebienie-jak-odroznic-objawy-rozpoznac-alergie-i-kiedy-siegnac-po-leczenie\/","title":{"rendered":"Alergia czy przezi\u0119bienie? Jak odr\u00f3\u017cni\u0107 objawy, rozpozna\u0107 alergi\u0119 i kiedy si\u0119gn\u0105\u0107 po leczenie"},"content":{"rendered":"\n<p>Katar, kichanie, \u0142zawienie oczu, uczucie rozbicia \u2013 te objawy mog\u0105 pojawi\u0107 si\u0119 zar\u00f3wno przy zwyk\u0142ym przezi\u0119bieniu, jak i przy reakcji alergicznej. Dlatego tak wiele os\u00f3b zadaje sobie pytanie: <strong>czy to alergia, czy mo\u017ce infekcja wirusowa lub bakteryjna?<\/strong><\/p>\n\n\n\n<p>Pomylenie tych dw\u00f3ch stan\u00f3w nie jest niczym nadzwyczajnym. Lekarze pierwszego kontaktu regularnie spotykaj\u0105 si\u0119 z pacjentami, kt\u00f3rzy przez miesi\u0105ce bezskutecznie lecz\u0105 \u201enawracaj\u0105ce przezi\u0119bienia&#8221;, nie wiedz\u0105c, \u017ce w rzeczywisto\u015bci zmagaj\u0105 si\u0119 z <strong>alergicznym nie\u017cytem nosa<\/strong>.<\/p>\n\n\n\n<p>R\u00f3\u017cnica mi\u0119dzy alergi\u0105 a infekcj\u0105 wirusow\u0105 g\u00f3rnych dr\u00f3g oddechowych jest jednak fundamentalna \u2014 inna jest przyczyna, inny przebieg, inne powik\u0142ania i inne, w\u0142a\u015bciwe leczenie. W tym artykule omawiamy:<\/p>\n\n\n\n<ul class=\"wp-block-list\">\n<li><strong>Kluczowe kryteria pozwalaj\u0105ce odr\u00f3\u017cni\u0107 alergi\u0119 od przezi\u0119bienia<\/strong><\/li>\n\n\n\n<li><strong>Mniej oczywiste objawy alergii \u2014 zawroty g\u0142owy i b\u00f3l gard\u0142a<\/strong><\/li>\n\n\n\n<li><strong>Jak rozpozna\u0107 alergiczny b\u00f3l gard\u0142a i co go odr\u00f3\u017cnia od infekcji<\/strong><\/li>\n\n\n\n<li><strong>Kiedy warto skonsultowa\u0107 si\u0119 ze specjalist\u0105<\/strong><\/li>\n<\/ul>\n\n\n\n<h2 class=\"wp-block-heading\">Alergia a przezi\u0119bienie \u2014 kluczowe r\u00f3\u017cnice, kt\u00f3re powiniene\u015b zna\u0107<\/h2>\n\n\n\n<h3 class=\"wp-block-heading\">Czym jest przezi\u0119bienie?<\/h3>\n\n\n\n<p>Przezi\u0119bienie jest <strong>chorob\u0105 zaka\u017an\u0105 wywo\u0142ywan\u0105 przez wirusy<\/strong> \u2014 najcz\u0119\u015bciej rinowirusy, koronawirusy (inne ni\u017c SARS-CoV-2), adenowirusy i wiele innych szczep\u00f3w. Namna\u017caj\u0105 si\u0119 one w b\u0142onie \u015bluzowej g\u00f3rnych dr\u00f3g oddechowych i wywo\u0142uj\u0105 stan zapalny b\u0119d\u0105cy odpowiedzi\u0105 immunologiczn\u0105 organizmu na obecno\u015b\u0107 patogenu.<\/p>\n\n\n\n<h3 class=\"wp-block-heading\">Czym jest alergia?<\/h3>\n\n\n\n<p>Alergia to <strong>nieprawid\u0142owa, przesadna reakcja uk\u0142adu odporno\u015bciowego<\/strong> na substancje lub biologiczne cz\u0105stki, kt\u00f3re dla zdrowego cz\u0142owieka s\u0105 zupe\u0142nie nieszkodliwe \u2014 py\u0142ki traw, drzew i chwast\u00f3w, roztocza kurzu domowego, sier\u015b\u0107 i \u015blina zwierz\u0105t, zarodniki grzyb\u00f3w ple\u015bniowych czy pewne pokarmy.<\/p>\n\n\n\n<h3 class=\"wp-block-heading\">Czas trwania objaw\u00f3w \u2014 wa\u017cna wskaz\u00f3wka diagnostyczna<\/h3>\n\n\n\n<p><strong>Przezi\u0119bienie trwa zazwyczaj od 7 do 10 dni<\/strong> i samoistnie ust\u0119puje wraz z pokonaniem wirusa przez uk\u0142ad immunologiczny.<\/p>\n\n\n\n<p><strong>Alergia utrzymuje si\u0119 tak d\u0142ugo, jak d\u0142ugo osoba jest nara\u017cona na kontakt z alergenem.<\/strong> Przy alergii na py\u0142ki mo\u017ce to oznacza\u0107 kilka tygodni lub miesi\u0119cy w roku, a przy alergii na roztocza czy sier\u015b\u0107 kota objawy mog\u0105 utrzymywa\u0107 si\u0119 przez ca\u0142y rok (tzw. alergia ca\u0142oroczna). Objawy mog\u0105 te\u017c pojawia\u0107 si\u0119 w spos\u00f3b acykliczny, wtedy kiedy mamy nara\u017cenie \u2013 na przyk\u0142ad jeste\u015bmy w pomieszczeniu, w kt\u00f3rym jest du\u017ce st\u0119\u017cenie zarodnik\u00f3w ple\u015bni lub kurzu i roztoczy.<\/p>\n\n\n\n<h3 class=\"wp-block-heading\">Kiedy objawy si\u0119 nasilaj\u0105?<\/h3>\n\n\n\n<p>Je\u015bli katar i kichanie nasilaj\u0105 si\u0119 wiosn\u0105, w czasie s\u0142onecznych i wietrznych dni, lub gdy przebywasz w kontakcie ze zwierz\u0119ciem, a ust\u0119puj\u0105 po deszczu lub po oddaleniu si\u0119 od \u017ar\u00f3d\u0142a alergenu \u2014 <strong>bardzo prawdopodobne jest, \u017ce masz do czynienia z alergi\u0105<\/strong>, a nie infekcj\u0105 wirusow\u0105.<\/p>\n\n\n\n<h2 class=\"wp-block-heading\">Typowe objawy alergii \u2014 co powinno zwr\u00f3ci\u0107 Twoj\u0105 uwag\u0119<\/h2>\n\n\n\n<p>Objawy alergicznego nie\u017cytu nosa maj\u0105 charakterystyczny zestaw cech, kt\u00f3ry przy odrobinie uwa\u017cno\u015bci pozwala je odr\u00f3\u017cni\u0107 od infekcji wirusowej, cho\u0107 oczywi\u015bcie ka\u017cdy organizm jest inny i nie zawsze obraz kliniczny jest jednoznaczny.<\/p>\n\n\n\n<h3 class=\"wp-block-heading\">Klasyczne objawy alergii to:<\/h3>\n\n\n\n<ul class=\"wp-block-list\">\n<li><strong>Wodnisty, rzadki katar<\/strong> \u2014 w przeciwie\u0144stwie do g\u0119stej, \u017c\u00f3\u0142tej lub zielonej wydzieliny przy infekcji bakteryjnej lub wirusowej.<\/li>\n\n\n\n<li><strong>Intensywne, napadowe kichanie<\/strong> \u2014 cz\u0119sto kilkana\u015bcie razy z rz\u0119du, szczeg\u00f3lnie rano po wstaniu z \u0142\u00f3\u017cka lub po wej\u015bciu do pomieszcze\u0144 z alergenem.<\/li>\n\n\n\n<li><strong>Sw\u0119dzenie nosa, oczu, gard\u0142a i podniebienia<\/strong> \u2014 objaw charakterystyczny dla alergii i niemal nieobecny przy typowym przezi\u0119bieniu.<\/li>\n\n\n\n<li><strong>\u0141zawienie i zaczerwienienie oczu<\/strong> \u2014 alergiczne zapalenie spoj\u00f3wek towarzysz\u0105ce objawom ze strony nosa.<\/li>\n<\/ul>\n\n\n\n<h3 class=\"wp-block-heading\">Brak gor\u0105czki \u2014 wa\u017cne kryterium r\u00f3\u017cnicuj\u0105ce<\/h3>\n\n\n\n<p><strong>Alergia nie powoduje gor\u0105czki.<\/strong> Je\u015bli obok kataru i kichania osoba ma podwy\u017cszon\u0105 temperatur\u0119 cia\u0142a, dreszcze i b\u00f3le mi\u0119\u015bni, znacznie bardziej prawdopodobne jest przezi\u0119bienie lub grypa.<\/p>\n\n\n\n<p>Nale\u017cy jednak pami\u0119ta\u0107, \u017ce u alergik\u00f3w ze wzgl\u0119du na przewlek\u0142y stan zapalny b\u0142on \u015bluzowych, miejscowe mechanizmy obronne s\u0105 <strong>bardziej podatne na infekcje<\/strong> g\u00f3rnych dr\u00f3g oddechowych. Obie dolegliwo\u015bci mog\u0105 wi\u0119c wsp\u00f3\u0142istnie\u0107, komplikuj\u0105c obraz kliniczny.<\/p>\n\n\n\n<h2 class=\"wp-block-heading\">Czy alergia powoduje zawroty g\u0142owy?<\/h2>\n\n\n\n<p><strong>Tak \u2014 alergia mo\u017ce powodowa\u0107 zawroty g\u0142owy.<\/strong> Mechanizm tego zjawiska nie jest jednak tak oczywisty jak w przypadku kataru.<\/p>\n\n\n\n<h2 class=\"wp-block-heading\">\u201eMg\u0142a m\u00f3zgowa&#8221; przy alergii<\/h2>\n\n\n\n<p>Warto wspomnie\u0107 o zjawisku <strong>&#8222;brain fog&#8221;<\/strong> \u2014 mg\u0142y m\u00f3zgowej \u2014 czyli stanie obni\u017conej koncentracji, spowolnienia my\u015blenia i trudno\u015bci z przypominaniem sobie informacji. Mo\u017ce on towarzyszy\u0107 silnym reakcjom alergicznym i jest powi\u0105zany zar\u00f3wno z dzia\u0142aniem histaminy na o\u015brodkowy uk\u0142ad nerwowy, jak i ze zm\u0119czeniem w efekcie utrudnionego oddychania czy zaburzeniami snu wynikaj\u0105cymi z utrudnionego oddychania.<\/p>\n\n\n\n<h2 class=\"wp-block-heading\">Czy alergia mo\u017ce powodowa\u0107 b\u00f3l gard\u0142a?<\/h2>\n\n\n\n<p>B\u00f3l gard\u0142a kojarzy si\u0119 nam przede wszystkim z infekcj\u0105 \u2014 angin\u0105, zapaleniem gard\u0142a wywo\u0142anym przez paciorkowce lub wirusy. Wiele os\u00f3b nie zdaje sobie jednak sprawy, \u017ce <strong>alergia mo\u017ce by\u0107 r\u00f3wnie realn\u0105 przyczyn\u0105 dyskomfortu i b\u00f3lu w gardle<\/strong>, tyle \u017ce mechanizm jego powstawania jest zupe\u0142nie inny.<\/p>\n\n\n\n<h3 class=\"wp-block-heading\">Sp\u0142ywanie wydzieliny po tylnej \u015bcianie gard\u0142a<\/h3>\n\n\n\n<p>Alergiczny b\u00f3l gard\u0142a najcz\u0119\u015bciej wynika z tzw. <strong>zespo\u0142u sp\u0142ywania wydzieliny po tylnej \u015bcianie gard\u0142a<\/strong> (ang. post-nasal drip) \u2014 zjawiska polegaj\u0105cego na tym, \u017ce nadmierna wydzielina produkowana przez obrz\u0119kni\u0119t\u0105 b\u0142on\u0119 \u015bluzow\u0105 nosa sp\u0142ywa po tylnej \u015bcianie gard\u0142a, podra\u017cniaj\u0105c jej delikatn\u0105 \u015bluz\u00f3wk\u0119.<\/p>\n\n\n\n<p>Wywo\u0142uje to uczucie drapania, sw\u0119dzenia, sucho\u015bci lub \u0142agodnego b\u00f3lu, a tak\u017ce:<\/p>\n\n\n\n<ul class=\"wp-block-list\">\n<li>przewlek\u0142e odkrztuszanie,<\/li>\n\n\n\n<li>odruch kaszlu szczeg\u00f3lnie nasilony w pozycji le\u017c\u0105cej,<\/li>\n\n\n\n<li>dolegliwo\u015bci nasilone w nocy i rano po przebudzeniu.<\/li>\n<\/ul>\n\n\n\n<h3 class=\"wp-block-heading\">Bezpo\u015bredni kontakt z alergenem<\/h3>\n\n\n\n<p>Gard\u0142o mo\u017ce by\u0107 te\u017c podra\u017cnione bezpo\u015brednio przez alergeny wdychane przez usta. Dzieje si\u0119 tak szczeg\u00f3lnie u os\u00f3b, kt\u00f3re maj\u0105 zatkany nos i <strong>oddychaj\u0105 g\u0142\u00f3wnie ustami<\/strong>, nara\u017caj\u0105c b\u0142on\u0119 \u015bluzow\u0105 gard\u0142a na kontakt z py\u0142kami, zarodnikami ple\u015bni czy innymi alergenami unosz\u0105cymi si\u0119 w powietrzu.<\/p>\n\n\n\n<h2 class=\"wp-block-heading\">Kiedy warto si\u0119gn\u0105\u0107 po leczenie i do jakiego specjalisty si\u0119 uda\u0107?<\/h2>\n\n\n\n<p>Zbyt d\u0142ugie zwlekanie z diagnoz\u0105 alergii mo\u017ce prowadzi\u0107 do powa\u017cnych powik\u0142a\u0144 \u2014 przewlek\u0142ego zapalenia zatok, nie\u017cytu nosa, zapalenia ucha \u015brodkowego, a nawet do <strong>rozwoju astmy oskrzelowej<\/strong>, kt\u00f3ra w Polsce dotyczy kilku milion\u00f3w os\u00f3b.<\/p>\n\n\n\n<h3 class=\"wp-block-heading\">Kiedy zg\u0142osi\u0107 si\u0119 do lekarza?<\/h3>\n\n\n\n<p>Zdecydowanie warto skonsultowa\u0107 si\u0119 z lekarzem, gdy:<\/p>\n\n\n\n<ul class=\"wp-block-list\">\n<li>objawy trwaj\u0105 powy\u017cej 10 dni i nie ust\u0119puj\u0105 samoistnie,<\/li>\n\n\n\n<li>nie reaguj\u0105 na typowe leki dost\u0119pne bez recepty,<\/li>\n\n\n\n<li>pojawiaj\u0105 si\u0119 regularnie o tej samej porze roku,<\/li>\n\n\n\n<li>znacz\u0105co obni\u017caj\u0105 jako\u015b\u0107 snu, pracy lub codziennego funkcjonowania.<\/li>\n<\/ul>\n\n\n\n<figure class=\"wp-block-table\"><table class=\"has-fixed-layout\"><tbody><tr><td><strong>Pami\u0119taj: <\/strong>Szybka i trafna diagnoza to podstawa skutecznego leczenia. Nie ignoruj objaw\u00f3w, kt\u00f3re utrudniaj\u0105 Ci \u017cycie przez tygodnie lub miesi\u0105ce \u2014 w erze nowoczesnej alergologii skuteczna pomoc jest w zasi\u0119gu r\u0119ki.<\/td><\/tr><\/tbody><\/table><\/figure>\n\n\n\n<h2 class=\"wp-block-heading\">Podsumowanie \u2014 alergia czy przezi\u0119bienie? Najwa\u017cniejsze r\u00f3\u017cnice<\/h2>\n\n\n\n<p><strong>Alergia i przezi\u0119bienie to dwa zupe\u0142nie r\u00f3\u017cne stany<\/strong> \u2014 cho\u0107 ich objawy mog\u0105 by\u0107 \u0142udz\u0105co podobne. Poni\u017cej najwa\u017cniejsze r\u00f3\u017cnice, kt\u00f3re warto zapami\u0119ta\u0107.<\/p>\n\n\n\n<figure class=\"wp-block-table\"><table class=\"has-fixed-layout\"><thead><tr><th><strong>Cecha<\/strong><\/th><th><strong>Alergia<\/strong><\/th><th><strong>Przezi\u0119bienie<\/strong><\/th><\/tr><\/thead><tbody><tr><td><strong>Przyczyna<\/strong><\/td><td>Reakcja immunologiczna na alergen<\/td><td>Infekcja wirusowa<\/td><\/tr><tr><td><strong>Czas trwania<\/strong><\/td><td>Tygodnie\/miesi\u0105ce (alergen)<\/td><td>7\u201310 dni<\/td><\/tr><tr><td><strong>Gor\u0105czka<\/strong><\/td><td>Brak<\/td><td>Cz\u0119sto obecna<\/td><\/tr><tr><td><strong>Katar<\/strong><\/td><td>Wodnisty, rzadki<\/td><td>G\u0119sty, \u017c\u00f3\u0142ty\/zielony<\/td><\/tr><tr><td><strong>Sw\u0119dzenie oczu<\/strong><\/td><td>Bardzo cz\u0119ste<\/td><td>Rzadkie<\/td><\/tr><tr><td><strong>B\u00f3le mi\u0119\u015bni<\/strong><\/td><td>Brak<\/td><td>Cz\u0119ste<\/td><\/tr><tr><td><strong>Zawroty g\u0142owy<\/strong><\/td><td>Mo\u017cliwe<\/td><td>Rzadkie<\/td><\/tr><tr><td><strong>B\u00f3l gard\u0142a<\/strong><\/td><td>Drapanie, \u0142agodny<\/td><td>Ostry, piek\u0105cy<\/td><\/tr><\/tbody><\/table><\/figure>\n\n\n\n<h2 class=\"wp-block-heading\">FAQ<\/h2>\n\n\n\n<h3 class=\"wp-block-heading\">Czy mo\u017cna dosta\u0107 recept\u0119 na leki przeciwalergiczne online?\u2028<\/h3>\n\n\n\n<p>Tak. Recept\u0119 na leki przeciwalergiczne dost\u0119pne wy\u0142\u0105cznie na recept\u0119 (np. silniejsze leki przeciwhistaminowe, kortykosteroidy donosowe) mo\u017cna uzyska\u0107 podczas teleporady lub e-wizyty u lekarza.<\/p>\n\n\n\n<h3 class=\"wp-block-heading\">Czy mo\u017cna dosta\u0107 antykoncepcj\u0119 online?<\/h3>\n\n\n\n<p>Tak. Recepta na hormonalne \u015brodki antykoncepcyjne mo\u017ce zosta\u0107 wystawiona podczas <strong>e-wizyty lub teleporady lekarskiej<\/strong>. Lekarz przeprowadza wywiad dotycz\u0105cy stanu zdrowia, przeciwwskaza\u0144 i dotychczasowego leczenia, a nast\u0119pnie wystawia e-recept\u0119.<\/p>\n\n\n\n<h3 class=\"wp-block-heading\">Ile wa\u017cna jest e-recepta?<\/h3>\n\n\n\n<p>E-recepta jest wa\u017cna 30 dni od daty wystawienia. Wyj\u0105tki: recepty na antybiotyki s\u0105 wa\u017cne 7 dni, na preparaty immunologiczne wytwarzane dla konkretnego pacjenta (np. szczepionki odczulaj\u0105ce) \u2014 90 dni, a na leki refundowane przewlekle przepisywane \u2014 nawet do 365 dni. Po up\u0142ywie wa\u017cno\u015bci recepty nie mo\u017cna jej zrealizowa\u0107 w aptece.<\/p>\n\n\n\n<h3 class=\"wp-block-heading\">Czy lekarz mo\u017ce odm\u00f3wi\u0107 wystawienia recepty?<\/h3>\n\n\n\n<p>Oczywi\u015bcie mo\u017ce si\u0119 zdarzy\u0107, \u017ce z uwagi na stan zdrowia pacjenta recepta nie b\u0119dzie mog\u0142a by\u0107 wystawiona. W tym przypadku pacjent mo\u017ce otrzyma\u0107 cz\u0119\u015bciowy zwrot.<\/p>\n","protected":false},"excerpt":{"rendered":"<p>Katar, kichanie, \u0142zawienie oczu, uczucie rozbicia \u2013 te objawy mog\u0105 pojawi\u0107 si\u0119 zar\u00f3wno przy zwyk\u0142ym przezi\u0119bieniu, jak i przy reakcji alergicznej. Dlatego tak wiele os\u00f3b zadaje sobie pytanie: czy to alergia, czy mo\u017ce infekcja wirusowa lub bakteryjna? Pomylenie tych dw\u00f3ch stan\u00f3w nie jest niczym nadzwyczajnym. Lekarze pierwszego kontaktu regularnie spotykaj\u0105 si\u0119 z pacjentami, kt\u00f3rzy przez [&hellip;]<\/p>\n","protected":false},"author":5,"featured_media":1126,"comment_status":"open","ping_status":"open","sticky":false,"template":"","format":"standard","meta":{"footnotes":""},"categories":[57],"tags":[19,18,14,37,4],"class_list":["post-1124","post","type-post","status-publish","format-standard","has-post-thumbnail","hentry","category-alergie","tag-e-konsultacja-online","tag-e-recepta-online","tag-recepta-online","tag-tania-recepta","tag-tanie-recepty"],"yoast_head":"<!-- This site is optimized with the Yoast SEO plugin v25.1 - https:\/\/yoast.com\/wordpress\/plugins\/seo\/ -->\n<title>Alergia czy przezi\u0119bienie? Jak odr\u00f3\u017cni\u0107 objawy, rozpozna\u0107 alergi\u0119 i kiedy si\u0119gn\u0105\u0107 po leczenie - tanie-recepty.pl<\/title>\n<meta name=\"robots\" content=\"index, follow, max-snippet:-1, max-image-preview:large, max-video-preview:-1\" \/>\n<link rel=\"canonical\" href=\"https:\/\/tanie-recepty.pl\/blog\/alergia-czy-przeziebienie-jak-odroznic-objawy-rozpoznac-alergie-i-kiedy-siegnac-po-leczenie\/\" \/>\n<meta property=\"og:locale\" content=\"pl_PL\" \/>\n<meta property=\"og:type\" content=\"article\" \/>\n<meta property=\"og:title\" content=\"Alergia czy przezi\u0119bienie? Jak odr\u00f3\u017cni\u0107 objawy, rozpozna\u0107 alergi\u0119 i kiedy si\u0119gn\u0105\u0107 po leczenie - tanie-recepty.pl\" \/>\n<meta property=\"og:description\" content=\"Katar, kichanie, \u0142zawienie oczu, uczucie rozbicia \u2013 te objawy mog\u0105 pojawi\u0107 si\u0119 zar\u00f3wno przy zwyk\u0142ym przezi\u0119bieniu, jak i przy reakcji alergicznej. Dlatego tak wiele os\u00f3b zadaje sobie pytanie: czy to alergia, czy mo\u017ce infekcja wirusowa lub bakteryjna? Pomylenie tych dw\u00f3ch stan\u00f3w nie jest niczym nadzwyczajnym. Lekarze pierwszego kontaktu regularnie spotykaj\u0105 si\u0119 z pacjentami, kt\u00f3rzy przez [&hellip;]\" \/>\n<meta property=\"og:url\" content=\"https:\/\/tanie-recepty.pl\/blog\/alergia-czy-przeziebienie-jak-odroznic-objawy-rozpoznac-alergie-i-kiedy-siegnac-po-leczenie\/\" \/>\n<meta property=\"og:site_name\" content=\"tanie-recepty.pl\" \/>\n<meta property=\"article:published_time\" content=\"2026-04-15T12:55:31+00:00\" \/>\n<meta property=\"article:modified_time\" content=\"2026-04-15T12:55:33+00:00\" \/>\n<meta property=\"og:image\" content=\"https:\/\/tanie-recepty.pl\/blog\/wp-content\/uploads\/2026\/04\/alergia-scaled.jpg\" \/>\n\t<meta property=\"og:image:width\" content=\"2560\" \/>\n\t<meta property=\"og:image:height\" content=\"1440\" \/>\n\t<meta property=\"og:image:type\" content=\"image\/jpeg\" \/>\n<meta name=\"author\" content=\"Zuzanna DigitalH\" \/>\n<meta name=\"twitter:card\" content=\"summary_large_image\" \/>\n<meta name=\"twitter:label1\" content=\"Napisane przez\" \/>\n\t<meta name=\"twitter:data1\" content=\"Zuzanna DigitalH\" \/>\n\t<meta name=\"twitter:label2\" content=\"Szacowany czas czytania\" \/>\n\t<meta name=\"twitter:data2\" content=\"7 minut\" \/>\n<script type=\"application\/ld+json\" class=\"yoast-schema-graph\">{\"@context\":\"https:\/\/schema.org\",\"@graph\":[{\"@type\":\"Article\",\"@id\":\"https:\/\/tanie-recepty.pl\/blog\/alergia-czy-przeziebienie-jak-odroznic-objawy-rozpoznac-alergie-i-kiedy-siegnac-po-leczenie\/#article\",\"isPartOf\":{\"@id\":\"https:\/\/tanie-recepty.pl\/blog\/alergia-czy-przeziebienie-jak-odroznic-objawy-rozpoznac-alergie-i-kiedy-siegnac-po-leczenie\/\"},\"author\":{\"name\":\"Zuzanna DigitalH\",\"@id\":\"https:\/\/tanie-recepty.pl\/blog\/#\/schema\/person\/e18fd482f73f37f8a0920f343efcaef0\"},\"headline\":\"Alergia czy przezi\u0119bienie? Jak odr\u00f3\u017cni\u0107 objawy, rozpozna\u0107 alergi\u0119 i kiedy si\u0119gn\u0105\u0107 po leczenie\",\"datePublished\":\"2026-04-15T12:55:31+00:00\",\"dateModified\":\"2026-04-15T12:55:33+00:00\",\"mainEntityOfPage\":{\"@id\":\"https:\/\/tanie-recepty.pl\/blog\/alergia-czy-przeziebienie-jak-odroznic-objawy-rozpoznac-alergie-i-kiedy-siegnac-po-leczenie\/\"},\"wordCount\":1406,\"commentCount\":0,\"publisher\":{\"@id\":\"https:\/\/tanie-recepty.pl\/blog\/#organization\"},\"image\":{\"@id\":\"https:\/\/tanie-recepty.pl\/blog\/alergia-czy-przeziebienie-jak-odroznic-objawy-rozpoznac-alergie-i-kiedy-siegnac-po-leczenie\/#primaryimage\"},\"thumbnailUrl\":\"https:\/\/tanie-recepty.pl\/blog\/wp-content\/uploads\/2026\/04\/alergia-scaled.jpg\",\"keywords\":[\"e-konsultacja online\",\"e-recepta online\",\"recepta online\",\"tania recepta\",\"tanie recepty\"],\"articleSection\":[\"Alergie\"],\"inLanguage\":\"pl-PL\",\"potentialAction\":[{\"@type\":\"CommentAction\",\"name\":\"Comment\",\"target\":[\"https:\/\/tanie-recepty.pl\/blog\/alergia-czy-przeziebienie-jak-odroznic-objawy-rozpoznac-alergie-i-kiedy-siegnac-po-leczenie\/#respond\"]}]},{\"@type\":\"WebPage\",\"@id\":\"https:\/\/tanie-recepty.pl\/blog\/alergia-czy-przeziebienie-jak-odroznic-objawy-rozpoznac-alergie-i-kiedy-siegnac-po-leczenie\/\",\"url\":\"https:\/\/tanie-recepty.pl\/blog\/alergia-czy-przeziebienie-jak-odroznic-objawy-rozpoznac-alergie-i-kiedy-siegnac-po-leczenie\/\",\"name\":\"Alergia czy przezi\u0119bienie? Jak odr\u00f3\u017cni\u0107 objawy, rozpozna\u0107 alergi\u0119 i kiedy si\u0119gn\u0105\u0107 po leczenie - tanie-recepty.pl\",\"isPartOf\":{\"@id\":\"https:\/\/tanie-recepty.pl\/blog\/#website\"},\"primaryImageOfPage\":{\"@id\":\"https:\/\/tanie-recepty.pl\/blog\/alergia-czy-przeziebienie-jak-odroznic-objawy-rozpoznac-alergie-i-kiedy-siegnac-po-leczenie\/#primaryimage\"},\"image\":{\"@id\":\"https:\/\/tanie-recepty.pl\/blog\/alergia-czy-przeziebienie-jak-odroznic-objawy-rozpoznac-alergie-i-kiedy-siegnac-po-leczenie\/#primaryimage\"},\"thumbnailUrl\":\"https:\/\/tanie-recepty.pl\/blog\/wp-content\/uploads\/2026\/04\/alergia-scaled.jpg\",\"datePublished\":\"2026-04-15T12:55:31+00:00\",\"dateModified\":\"2026-04-15T12:55:33+00:00\",\"breadcrumb\":{\"@id\":\"https:\/\/tanie-recepty.pl\/blog\/alergia-czy-przeziebienie-jak-odroznic-objawy-rozpoznac-alergie-i-kiedy-siegnac-po-leczenie\/#breadcrumb\"},\"inLanguage\":\"pl-PL\",\"potentialAction\":[{\"@type\":\"ReadAction\",\"target\":[\"https:\/\/tanie-recepty.pl\/blog\/alergia-czy-przeziebienie-jak-odroznic-objawy-rozpoznac-alergie-i-kiedy-siegnac-po-leczenie\/\"]}]},{\"@type\":\"ImageObject\",\"inLanguage\":\"pl-PL\",\"@id\":\"https:\/\/tanie-recepty.pl\/blog\/alergia-czy-przeziebienie-jak-odroznic-objawy-rozpoznac-alergie-i-kiedy-siegnac-po-leczenie\/#primaryimage\",\"url\":\"https:\/\/tanie-recepty.pl\/blog\/wp-content\/uploads\/2026\/04\/alergia-scaled.jpg\",\"contentUrl\":\"https:\/\/tanie-recepty.pl\/blog\/wp-content\/uploads\/2026\/04\/alergia-scaled.jpg\",\"width\":2560,\"height\":1440},{\"@type\":\"BreadcrumbList\",\"@id\":\"https:\/\/tanie-recepty.pl\/blog\/alergia-czy-przeziebienie-jak-odroznic-objawy-rozpoznac-alergie-i-kiedy-siegnac-po-leczenie\/#breadcrumb\",\"itemListElement\":[{\"@type\":\"ListItem\",\"position\":1,\"name\":\"Strona g\u0142\u00f3wna\",\"item\":\"https:\/\/tanie-recepty.pl\/blog\/\"},{\"@type\":\"ListItem\",\"position\":2,\"name\":\"Alergia czy przezi\u0119bienie? Jak odr\u00f3\u017cni\u0107 objawy, rozpozna\u0107 alergi\u0119 i kiedy si\u0119gn\u0105\u0107 po leczenie\"}]},{\"@type\":\"WebSite\",\"@id\":\"https:\/\/tanie-recepty.pl\/blog\/#website\",\"url\":\"https:\/\/tanie-recepty.pl\/blog\/\",\"name\":\"tanie-recepty.pl\",\"description\":\"\",\"publisher\":{\"@id\":\"https:\/\/tanie-recepty.pl\/blog\/#organization\"},\"potentialAction\":[{\"@type\":\"SearchAction\",\"target\":{\"@type\":\"EntryPoint\",\"urlTemplate\":\"https:\/\/tanie-recepty.pl\/blog\/?s={search_term_string}\"},\"query-input\":{\"@type\":\"PropertyValueSpecification\",\"valueRequired\":true,\"valueName\":\"search_term_string\"}}],\"inLanguage\":\"pl-PL\"},{\"@type\":\"Organization\",\"@id\":\"https:\/\/tanie-recepty.pl\/blog\/#organization\",\"name\":\"tanie-recepty.pl\",\"url\":\"https:\/\/tanie-recepty.pl\/blog\/\",\"logo\":{\"@type\":\"ImageObject\",\"inLanguage\":\"pl-PL\",\"@id\":\"https:\/\/tanie-recepty.pl\/blog\/#\/schema\/logo\/image\/\",\"url\":\"https:\/\/tanie-recepty.pl\/blog\/wp-content\/uploads\/2023\/03\/cropped-logo_pigiTRANS-1.png\",\"contentUrl\":\"https:\/\/tanie-recepty.pl\/blog\/wp-content\/uploads\/2023\/03\/cropped-logo_pigiTRANS-1.png\",\"width\":500,\"height\":412,\"caption\":\"tanie-recepty.pl\"},\"image\":{\"@id\":\"https:\/\/tanie-recepty.pl\/blog\/#\/schema\/logo\/image\/\"}},{\"@type\":\"Person\",\"@id\":\"https:\/\/tanie-recepty.pl\/blog\/#\/schema\/person\/e18fd482f73f37f8a0920f343efcaef0\",\"name\":\"Zuzanna DigitalH\",\"image\":{\"@type\":\"ImageObject\",\"inLanguage\":\"pl-PL\",\"@id\":\"https:\/\/tanie-recepty.pl\/blog\/#\/schema\/person\/image\/\",\"url\":\"https:\/\/secure.gravatar.com\/avatar\/410efa6c451d5428c40ca037d8ca351e93068aee6bf82e23feae40722a8fd307?s=96&d=mm&r=g\",\"contentUrl\":\"https:\/\/secure.gravatar.com\/avatar\/410efa6c451d5428c40ca037d8ca351e93068aee6bf82e23feae40722a8fd307?s=96&d=mm&r=g\",\"caption\":\"Zuzanna DigitalH\"},\"url\":\"https:\/\/tanie-recepty.pl\/blog\/author\/zuzanna-digitalh\/\"}]}<\/script>\n<!-- \/ Yoast SEO plugin. -->","yoast_head_json":{"title":"Alergia czy przezi\u0119bienie? Jak odr\u00f3\u017cni\u0107 objawy, rozpozna\u0107 alergi\u0119 i kiedy si\u0119gn\u0105\u0107 po leczenie - tanie-recepty.pl","robots":{"index":"index","follow":"follow","max-snippet":"max-snippet:-1","max-image-preview":"max-image-preview:large","max-video-preview":"max-video-preview:-1"},"canonical":"https:\/\/tanie-recepty.pl\/blog\/alergia-czy-przeziebienie-jak-odroznic-objawy-rozpoznac-alergie-i-kiedy-siegnac-po-leczenie\/","og_locale":"pl_PL","og_type":"article","og_title":"Alergia czy przezi\u0119bienie? Jak odr\u00f3\u017cni\u0107 objawy, rozpozna\u0107 alergi\u0119 i kiedy si\u0119gn\u0105\u0107 po leczenie - tanie-recepty.pl","og_description":"Katar, kichanie, \u0142zawienie oczu, uczucie rozbicia \u2013 te objawy mog\u0105 pojawi\u0107 si\u0119 zar\u00f3wno przy zwyk\u0142ym przezi\u0119bieniu, jak i przy reakcji alergicznej. Dlatego tak wiele os\u00f3b zadaje sobie pytanie: czy to alergia, czy mo\u017ce infekcja wirusowa lub bakteryjna? Pomylenie tych dw\u00f3ch stan\u00f3w nie jest niczym nadzwyczajnym. Lekarze pierwszego kontaktu regularnie spotykaj\u0105 si\u0119 z pacjentami, kt\u00f3rzy przez [&hellip;]","og_url":"https:\/\/tanie-recepty.pl\/blog\/alergia-czy-przeziebienie-jak-odroznic-objawy-rozpoznac-alergie-i-kiedy-siegnac-po-leczenie\/","og_site_name":"tanie-recepty.pl","article_published_time":"2026-04-15T12:55:31+00:00","article_modified_time":"2026-04-15T12:55:33+00:00","og_image":[{"width":2560,"height":1440,"url":"https:\/\/tanie-recepty.pl\/blog\/wp-content\/uploads\/2026\/04\/alergia-scaled.jpg","type":"image\/jpeg"}],"author":"Zuzanna DigitalH","twitter_card":"summary_large_image","twitter_misc":{"Napisane przez":"Zuzanna DigitalH","Szacowany czas czytania":"7 minut"},"schema":{"@context":"https:\/\/schema.org","@graph":[{"@type":"Article","@id":"https:\/\/tanie-recepty.pl\/blog\/alergia-czy-przeziebienie-jak-odroznic-objawy-rozpoznac-alergie-i-kiedy-siegnac-po-leczenie\/#article","isPartOf":{"@id":"https:\/\/tanie-recepty.pl\/blog\/alergia-czy-przeziebienie-jak-odroznic-objawy-rozpoznac-alergie-i-kiedy-siegnac-po-leczenie\/"},"author":{"name":"Zuzanna DigitalH","@id":"https:\/\/tanie-recepty.pl\/blog\/#\/schema\/person\/e18fd482f73f37f8a0920f343efcaef0"},"headline":"Alergia czy przezi\u0119bienie? Jak odr\u00f3\u017cni\u0107 objawy, rozpozna\u0107 alergi\u0119 i kiedy si\u0119gn\u0105\u0107 po leczenie","datePublished":"2026-04-15T12:55:31+00:00","dateModified":"2026-04-15T12:55:33+00:00","mainEntityOfPage":{"@id":"https:\/\/tanie-recepty.pl\/blog\/alergia-czy-przeziebienie-jak-odroznic-objawy-rozpoznac-alergie-i-kiedy-siegnac-po-leczenie\/"},"wordCount":1406,"commentCount":0,"publisher":{"@id":"https:\/\/tanie-recepty.pl\/blog\/#organization"},"image":{"@id":"https:\/\/tanie-recepty.pl\/blog\/alergia-czy-przeziebienie-jak-odroznic-objawy-rozpoznac-alergie-i-kiedy-siegnac-po-leczenie\/#primaryimage"},"thumbnailUrl":"https:\/\/tanie-recepty.pl\/blog\/wp-content\/uploads\/2026\/04\/alergia-scaled.jpg","keywords":["e-konsultacja online","e-recepta online","recepta online","tania recepta","tanie recepty"],"articleSection":["Alergie"],"inLanguage":"pl-PL","potentialAction":[{"@type":"CommentAction","name":"Comment","target":["https:\/\/tanie-recepty.pl\/blog\/alergia-czy-przeziebienie-jak-odroznic-objawy-rozpoznac-alergie-i-kiedy-siegnac-po-leczenie\/#respond"]}]},{"@type":"WebPage","@id":"https:\/\/tanie-recepty.pl\/blog\/alergia-czy-przeziebienie-jak-odroznic-objawy-rozpoznac-alergie-i-kiedy-siegnac-po-leczenie\/","url":"https:\/\/tanie-recepty.pl\/blog\/alergia-czy-przeziebienie-jak-odroznic-objawy-rozpoznac-alergie-i-kiedy-siegnac-po-leczenie\/","name":"Alergia czy przezi\u0119bienie? Jak odr\u00f3\u017cni\u0107 objawy, rozpozna\u0107 alergi\u0119 i kiedy si\u0119gn\u0105\u0107 po leczenie - tanie-recepty.pl","isPartOf":{"@id":"https:\/\/tanie-recepty.pl\/blog\/#website"},"primaryImageOfPage":{"@id":"https:\/\/tanie-recepty.pl\/blog\/alergia-czy-przeziebienie-jak-odroznic-objawy-rozpoznac-alergie-i-kiedy-siegnac-po-leczenie\/#primaryimage"},"image":{"@id":"https:\/\/tanie-recepty.pl\/blog\/alergia-czy-przeziebienie-jak-odroznic-objawy-rozpoznac-alergie-i-kiedy-siegnac-po-leczenie\/#primaryimage"},"thumbnailUrl":"https:\/\/tanie-recepty.pl\/blog\/wp-content\/uploads\/2026\/04\/alergia-scaled.jpg","datePublished":"2026-04-15T12:55:31+00:00","dateModified":"2026-04-15T12:55:33+00:00","breadcrumb":{"@id":"https:\/\/tanie-recepty.pl\/blog\/alergia-czy-przeziebienie-jak-odroznic-objawy-rozpoznac-alergie-i-kiedy-siegnac-po-leczenie\/#breadcrumb"},"inLanguage":"pl-PL","potentialAction":[{"@type":"ReadAction","target":["https:\/\/tanie-recepty.pl\/blog\/alergia-czy-przeziebienie-jak-odroznic-objawy-rozpoznac-alergie-i-kiedy-siegnac-po-leczenie\/"]}]},{"@type":"ImageObject","inLanguage":"pl-PL","@id":"https:\/\/tanie-recepty.pl\/blog\/alergia-czy-przeziebienie-jak-odroznic-objawy-rozpoznac-alergie-i-kiedy-siegnac-po-leczenie\/#primaryimage","url":"https:\/\/tanie-recepty.pl\/blog\/wp-content\/uploads\/2026\/04\/alergia-scaled.jpg","contentUrl":"https:\/\/tanie-recepty.pl\/blog\/wp-content\/uploads\/2026\/04\/alergia-scaled.jpg","width":2560,"height":1440},{"@type":"BreadcrumbList","@id":"https:\/\/tanie-recepty.pl\/blog\/alergia-czy-przeziebienie-jak-odroznic-objawy-rozpoznac-alergie-i-kiedy-siegnac-po-leczenie\/#breadcrumb","itemListElement":[{"@type":"ListItem","position":1,"name":"Strona g\u0142\u00f3wna","item":"https:\/\/tanie-recepty.pl\/blog\/"},{"@type":"ListItem","position":2,"name":"Alergia czy przezi\u0119bienie? Jak odr\u00f3\u017cni\u0107 objawy, rozpozna\u0107 alergi\u0119 i kiedy si\u0119gn\u0105\u0107 po leczenie"}]},{"@type":"WebSite","@id":"https:\/\/tanie-recepty.pl\/blog\/#website","url":"https:\/\/tanie-recepty.pl\/blog\/","name":"tanie-recepty.pl","description":"","publisher":{"@id":"https:\/\/tanie-recepty.pl\/blog\/#organization"},"potentialAction":[{"@type":"SearchAction","target":{"@type":"EntryPoint","urlTemplate":"https:\/\/tanie-recepty.pl\/blog\/?s={search_term_string}"},"query-input":{"@type":"PropertyValueSpecification","valueRequired":true,"valueName":"search_term_string"}}],"inLanguage":"pl-PL"},{"@type":"Organization","@id":"https:\/\/tanie-recepty.pl\/blog\/#organization","name":"tanie-recepty.pl","url":"https:\/\/tanie-recepty.pl\/blog\/","logo":{"@type":"ImageObject","inLanguage":"pl-PL","@id":"https:\/\/tanie-recepty.pl\/blog\/#\/schema\/logo\/image\/","url":"https:\/\/tanie-recepty.pl\/blog\/wp-content\/uploads\/2023\/03\/cropped-logo_pigiTRANS-1.png","contentUrl":"https:\/\/tanie-recepty.pl\/blog\/wp-content\/uploads\/2023\/03\/cropped-logo_pigiTRANS-1.png","width":500,"height":412,"caption":"tanie-recepty.pl"},"image":{"@id":"https:\/\/tanie-recepty.pl\/blog\/#\/schema\/logo\/image\/"}},{"@type":"Person","@id":"https:\/\/tanie-recepty.pl\/blog\/#\/schema\/person\/e18fd482f73f37f8a0920f343efcaef0","name":"Zuzanna DigitalH","image":{"@type":"ImageObject","inLanguage":"pl-PL","@id":"https:\/\/tanie-recepty.pl\/blog\/#\/schema\/person\/image\/","url":"https:\/\/secure.gravatar.com\/avatar\/410efa6c451d5428c40ca037d8ca351e93068aee6bf82e23feae40722a8fd307?s=96&d=mm&r=g","contentUrl":"https:\/\/secure.gravatar.com\/avatar\/410efa6c451d5428c40ca037d8ca351e93068aee6bf82e23feae40722a8fd307?s=96&d=mm&r=g","caption":"Zuzanna DigitalH"},"url":"https:\/\/tanie-recepty.pl\/blog\/author\/zuzanna-digitalh\/"}]}},"_links":{"self":[{"href":"https:\/\/tanie-recepty.pl\/blog\/wp-json\/wp\/v2\/posts\/1124","targetHints":{"allow":["GET"]}}],"collection":[{"href":"https:\/\/tanie-recepty.pl\/blog\/wp-json\/wp\/v2\/posts"}],"about":[{"href":"https:\/\/tanie-recepty.pl\/blog\/wp-json\/wp\/v2\/types\/post"}],"author":[{"embeddable":true,"href":"https:\/\/tanie-recepty.pl\/blog\/wp-json\/wp\/v2\/users\/5"}],"replies":[{"embeddable":true,"href":"https:\/\/tanie-recepty.pl\/blog\/wp-json\/wp\/v2\/comments?post=1124"}],"version-history":[{"count":1,"href":"https:\/\/tanie-recepty.pl\/blog\/wp-json\/wp\/v2\/posts\/1124\/revisions"}],"predecessor-version":[{"id":1127,"href":"https:\/\/tanie-recepty.pl\/blog\/wp-json\/wp\/v2\/posts\/1124\/revisions\/1127"}],"wp:featuredmedia":[{"embeddable":true,"href":"https:\/\/tanie-recepty.pl\/blog\/wp-json\/wp\/v2\/media\/1126"}],"wp:attachment":[{"href":"https:\/\/tanie-recepty.pl\/blog\/wp-json\/wp\/v2\/media?parent=1124"}],"wp:term":[{"taxonomy":"category","embeddable":true,"href":"https:\/\/tanie-recepty.pl\/blog\/wp-json\/wp\/v2\/categories?post=1124"},{"taxonomy":"post_tag","embeddable":true,"href":"https:\/\/tanie-recepty.pl\/blog\/wp-json\/wp\/v2\/tags?post=1124"}],"curies":[{"name":"wp","href":"https:\/\/api.w.org\/{rel}","templated":true}]}}